{"id":2825,"date":"2026-09-03T13:11:44","date_gmt":"2026-09-03T17:11:44","guid":{"rendered":"https:\/\/gadelcabo.gob.ec\/azuay\/?p=2825"},"modified":"2026-09-03T13:11:44","modified_gmt":"2026-09-03T17:11:44","slug":"el-cabo-sigue-avanzando-inicia-el-asfaltado-historico-del-centro-parroquial","status":"publish","type":"post","link":"https:\/\/gadelcabo.gob.ec\/azuay\/el-cabo-sigue-avanzando-inicia-el-asfaltado-historico-del-centro-parroquial\/","title":{"rendered":"\u00a1El Cabo sigue avanzando! Inicia el asfaltado hist\u00f3rico del centro parroquial"},"content":{"rendered":"<div style=\"font-family: Arial, sans-serif; color: #333333; line-height: 1.6; max-width: 800px; margin: 0 auto;\">\n<p>  <!-- Introducci\u00f3n --><\/p>\n<div style=\"background: #f0fdf4; border: 1px solid #bbf7d0; border-radius: 8px; padding: 25px; margin-bottom: 30px; box-shadow: 0 4px 6px rgba(0,0,0,0.05);\">\n<h3 style=\"color: #15803d; font-size: 22px; margin-top: 0; margin-bottom: 15px;\">Obras que transforman nuestra comunidad \ud83d\ude9c<\/h3>\n<p style=\"font-size: 16px; text-align: justify; margin: 0; color: #166534;\">\n      \u00a1El Cabo sigue avanzando! Desde este lunes, iniciamos oficialmente los trabajos de asfaltado en las v\u00edas centrales de nuestra parroquia. Este proyecto hist\u00f3rico es una realidad gracias al trabajo conjunto entre el GAD Parroquial y la Municipalidad del cant\u00f3n Paute.\n    <\/p>\n<\/p><\/div>\n<p style=\"font-size: 16px; text-align: justify; margin-bottom: 20px;\">\n    Esta obra va mucho m\u00e1s all\u00e1 de poner asfalto. Se trata de una intervenci\u00f3n integral que mejorar\u00e1 la calidad de vida de todos los vecinos. En total, se intervendr\u00e1n <strong>1.070 kil\u00f3metros de v\u00edas<\/strong> que incluyen importantes arterias como la Calle del Jerves, la v\u00eda a Gualaceo y calles transversales.\n  <\/p>\n<h4 style=\"color: #ea841e; font-size: 20px; border-bottom: 2px solid #ea841e; padding-bottom: 5px; margin-bottom: 20px; display: inline-block;\">\u00bfQu\u00e9 incluye esta gran obra?<\/h4>\n<div style=\"font-size: 16px; margin-bottom: 30px; color: #444; padding-left: 10px;\">\n<p style=\"margin-bottom: 8px; margin-top: 0;\">\u2022 <strong>Pavimentaci\u00f3n:<\/strong> 1.070 km de estructura asf\u00e1ltica y construcci\u00f3n de bordillos.<\/p>\n<p style=\"margin-bottom: 8px; margin-top: 0;\">\u2022 <strong>Agua Potable:<\/strong> Renovaci\u00f3n de 1.070 km de red con 114 conexiones domiciliarias.<\/p>\n<p style=\"margin-bottom: 8px; margin-top: 0;\">\u2022 <strong>Alcantarillado:<\/strong> 0.59 km de red sanitaria (50 conexiones domiciliarias) y 0.58 km de red pluvial.<\/p>\n<p style=\"margin-bottom: 8px; margin-top: 0;\">\u2022 <strong>Seguridad:<\/strong> Implementaci\u00f3n de se\u00f1alizaci\u00f3n vial vertical y horizontal.<\/p>\n<\/p><\/div>\n<h4 style=\"color: #ea841e; font-size: 20px; border-bottom: 2px solid #ea841e; padding-bottom: 5px; margin-bottom: 20px; display: inline-block;\">Un logro de todos: Directiva Pro Asfalto<\/h4>\n<p style=\"font-size: 16px; text-align: justify; margin-bottom: 20px;\">\n    Nada de esto ser\u00eda posible sin la organizaci\u00f3n de los vecinos frentistas. Tras reuniones y asambleas informativas, se conform\u00f3 la <strong>Directiva Pro Asfalto<\/strong>, integrada por Luis S\u00e1nchez (Presidente), Marina Guachun (Secretaria) y Miguel Guachun (Tesorero). Junto a ellos y t\u00e9cnicos de la Alcald\u00eda, realizamos inspecciones para resolver inquietudes y avanzar de forma coordinada y transparente.\n  <\/p>\n<div style=\"text-align: center; margin: 30px 0;\">\n<h4 style=\"color: #4b5563; font-size: 18px; margin-top: 0; margin-bottom: 20px;\">Mira c\u00f3mo arrancamos con los trabajos \ud83d\udc47<\/h4>\n<div style=\"display: flex; justify-content: center; align-items: center;\">\n      <iframe loading=\"lazy\" src=\"https:\/\/www.facebook.com\/plugins\/video.php?href=https%3A%2F%2Fwww.facebook.com%2Freel%2F1003012515746237&#038;show_text=false\" width=\"500\" height=\"281\" style=\"border:none; overflow:hidden; border-radius: 8px; box-shadow: 0 4px 8px rgba(0,0,0,0.15);\" scrolling=\"no\" frameborder=\"0\" allowfullscreen=\"true\" allow=\"autoplay; clipboard-write; encrypted-media; picture-in-picture; web-share\"><\/iframe>\n    <\/div><\/div>\n<p style=\"font-size: 16px; text-align: justify; margin-bottom: 20px; font-style: italic; color: #4b5563;\">\n    Sabemos que estos trabajos generan molestias temporales, pero el beneficio ser\u00e1 para toda la vida y para toda la parroquia. \u00a1Gracias por su comprensi\u00f3n y por usar v\u00edas alternas mientras construimos juntos el progreso de nuestro territorio!\n  <\/p>\n<\/div>\n","protected":false},"excerpt":{"rendered":"<p>Con la intervenci\u00f3n de m\u00e1s de 1 kil\u00f3metro de v\u00edas, alcantarillado y agua potable, el centro de El Cabo se transforma. Conoce los detalles de esta gran obra ejecutada en conjunto con la Municipalidad de Paute y la Directiva Pro Asfalto.<\/p>\n","protected":false},"author":8,"featured_media":2966,"comment_status":"closed","ping_status":"closed","sticky":false,"template":"","format":"standard","meta":{"footnotes":""},"categories":[1],"tags":[],"class_list":["post-2825","post","type-post","status-publish","format-standard","has-post-thumbnail","hentry","category-sin-categoria"],"yoast_head":"<!-- This site is optimized with the Yoast SEO plugin v24.1 - https:\/\/yoast.com\/wordpress\/plugins\/seo\/ -->\n<title>\u00a1El Cabo sigue avanzando! Inicia el asfaltado hist\u00f3rico del centro parroquial - GAD parroquial El Cabo<\/title>\n<meta name=\"robots\" content=\"index, follow, max-snippet:-1, max-image-preview:large, max-video-preview:-1\" \/>\n<link rel=\"canonical\" href=\"https:\/\/gadelcabo.gob.ec\/azuay\/el-cabo-sigue-avanzando-inicia-el-asfaltado-historico-del-centro-parroquial\/\" \/>\n<meta property=\"og:locale\" content=\"es_ES\" \/>\n<meta property=\"og:type\" content=\"article\" \/>\n<meta property=\"og:title\" content=\"\u00a1El Cabo sigue avanzando! Inicia el asfaltado hist\u00f3rico del centro parroquial - GAD parroquial El Cabo\" \/>\n<meta property=\"og:description\" content=\"Con la intervenci\u00f3n de m\u00e1s de 1 kil\u00f3metro de v\u00edas, alcantarillado y agua potable, el centro de El Cabo se transforma. Conoce los detalles de esta gran obra ejecutada en conjunto con la Municipalidad de Paute y la Directiva Pro Asfalto.\" \/>\n<meta property=\"og:url\" content=\"https:\/\/gadelcabo.gob.ec\/azuay\/el-cabo-sigue-avanzando-inicia-el-asfaltado-historico-del-centro-parroquial\/\" \/>\n<meta property=\"og:site_name\" content=\"GAD parroquial El Cabo\" \/>\n<meta property=\"article:author\" content=\"https:\/\/www.facebook.com\/gadparroquialelcabo\" \/>\n<meta property=\"article:published_time\" content=\"2026-09-03T17:11:44+00:00\" \/>\n<meta property=\"og:image\" content=\"https:\/\/gadelcabo.gob.ec\/azuay\/wp-content\/uploads\/2026\/09\/Asfalto-1.png\" \/>\n\t<meta property=\"og:image:width\" content=\"473\" \/>\n\t<meta property=\"og:image:height\" content=\"546\" \/>\n\t<meta property=\"og:image:type\" content=\"image\/png\" \/>\n<meta name=\"author\" content=\"GAD PARROQUIAL DE EL CABO\" \/>\n<meta name=\"twitter:card\" content=\"summary_large_image\" \/>\n<meta name=\"twitter:label1\" content=\"Escrito por\" \/>\n\t<meta name=\"twitter:data1\" content=\"GAD PARROQUIAL DE EL CABO\" \/>\n\t<meta name=\"twitter:label2\" content=\"Tiempo de lectura\" \/>\n\t<meta name=\"twitter:data2\" content=\"2 minutos\" \/>\n<script type=\"application\/ld+json\" class=\"yoast-schema-graph\">{\"@context\":\"https:\/\/schema.org\",\"@graph\":[{\"@type\":\"Article\",\"@id\":\"https:\/\/gadelcabo.gob.ec\/azuay\/el-cabo-sigue-avanzando-inicia-el-asfaltado-historico-del-centro-parroquial\/#article\",\"isPartOf\":{\"@id\":\"https:\/\/gadelcabo.gob.ec\/azuay\/el-cabo-sigue-avanzando-inicia-el-asfaltado-historico-del-centro-parroquial\/\"},\"author\":{\"name\":\"GAD PARROQUIAL DE EL CABO\",\"@id\":\"https:\/\/gadelcabo.gob.ec\/azuay\/#\/schema\/person\/f87fe08c46440da7a2e61a506806818c\"},\"headline\":\"\u00a1El Cabo sigue avanzando! Inicia el asfaltado hist\u00f3rico del centro parroquial\",\"datePublished\":\"2026-09-03T17:11:44+00:00\",\"dateModified\":\"2026-09-03T17:11:44+00:00\",\"mainEntityOfPage\":{\"@id\":\"https:\/\/gadelcabo.gob.ec\/azuay\/el-cabo-sigue-avanzando-inicia-el-asfaltado-historico-del-centro-parroquial\/\"},\"wordCount\":278,\"publisher\":{\"@id\":\"https:\/\/gadelcabo.gob.ec\/azuay\/#organization\"},\"image\":{\"@id\":\"https:\/\/gadelcabo.gob.ec\/azuay\/el-cabo-sigue-avanzando-inicia-el-asfaltado-historico-del-centro-parroquial\/#primaryimage\"},\"thumbnailUrl\":\"https:\/\/gadelcabo.gob.ec\/azuay\/wp-content\/uploads\/2026\/09\/Asfalto-1.png\",\"inLanguage\":\"es\"},{\"@type\":\"WebPage\",\"@id\":\"https:\/\/gadelcabo.gob.ec\/azuay\/el-cabo-sigue-avanzando-inicia-el-asfaltado-historico-del-centro-parroquial\/\",\"url\":\"https:\/\/gadelcabo.gob.ec\/azuay\/el-cabo-sigue-avanzando-inicia-el-asfaltado-historico-del-centro-parroquial\/\",\"name\":\"\u00a1El Cabo sigue avanzando! Inicia el asfaltado hist\u00f3rico del centro parroquial - GAD parroquial El Cabo\",\"isPartOf\":{\"@id\":\"https:\/\/gadelcabo.gob.ec\/azuay\/#website\"},\"primaryImageOfPage\":{\"@id\":\"https:\/\/gadelcabo.gob.ec\/azuay\/el-cabo-sigue-avanzando-inicia-el-asfaltado-historico-del-centro-parroquial\/#primaryimage\"},\"image\":{\"@id\":\"https:\/\/gadelcabo.gob.ec\/azuay\/el-cabo-sigue-avanzando-inicia-el-asfaltado-historico-del-centro-parroquial\/#primaryimage\"},\"thumbnailUrl\":\"https:\/\/gadelcabo.gob.ec\/azuay\/wp-content\/uploads\/2026\/09\/Asfalto-1.png\",\"datePublished\":\"2026-09-03T17:11:44+00:00\",\"dateModified\":\"2026-09-03T17:11:44+00:00\",\"breadcrumb\":{\"@id\":\"https:\/\/gadelcabo.gob.ec\/azuay\/el-cabo-sigue-avanzando-inicia-el-asfaltado-historico-del-centro-parroquial\/#breadcrumb\"},\"inLanguage\":\"es\",\"potentialAction\":[{\"@type\":\"ReadAction\",\"target\":[\"https:\/\/gadelcabo.gob.ec\/azuay\/el-cabo-sigue-avanzando-inicia-el-asfaltado-historico-del-centro-parroquial\/\"]}]},{\"@type\":\"ImageObject\",\"inLanguage\":\"es\",\"@id\":\"https:\/\/gadelcabo.gob.ec\/azuay\/el-cabo-sigue-avanzando-inicia-el-asfaltado-historico-del-centro-parroquial\/#primaryimage\",\"url\":\"https:\/\/gadelcabo.gob.ec\/azuay\/wp-content\/uploads\/2026\/09\/Asfalto-1.png\",\"contentUrl\":\"https:\/\/gadelcabo.gob.ec\/azuay\/wp-content\/uploads\/2026\/09\/Asfalto-1.png\",\"width\":473,\"height\":546},{\"@type\":\"BreadcrumbList\",\"@id\":\"https:\/\/gadelcabo.gob.ec\/azuay\/el-cabo-sigue-avanzando-inicia-el-asfaltado-historico-del-centro-parroquial\/#breadcrumb\",\"itemListElement\":[{\"@type\":\"ListItem\",\"position\":1,\"name\":\"Portada\",\"item\":\"https:\/\/gadelcabo.gob.ec\/azuay\/\"},{\"@type\":\"ListItem\",\"position\":2,\"name\":\"\u00a1El Cabo sigue avanzando! Inicia el asfaltado hist\u00f3rico del centro parroquial\"}]},{\"@type\":\"WebSite\",\"@id\":\"https:\/\/gadelcabo.gob.ec\/azuay\/#website\",\"url\":\"https:\/\/gadelcabo.gob.ec\/azuay\/\",\"name\":\"GAD parroquial El Cabo\",\"description\":\"Sitio Oficial del GAD Parroquial El Cabo Azuay\",\"publisher\":{\"@id\":\"https:\/\/gadelcabo.gob.ec\/azuay\/#organization\"},\"potentialAction\":[{\"@type\":\"SearchAction\",\"target\":{\"@type\":\"EntryPoint\",\"urlTemplate\":\"https:\/\/gadelcabo.gob.ec\/azuay\/?s={search_term_string}\"},\"query-input\":{\"@type\":\"PropertyValueSpecification\",\"valueRequired\":true,\"valueName\":\"search_term_string\"}}],\"inLanguage\":\"es\"},{\"@type\":\"Organization\",\"@id\":\"https:\/\/gadelcabo.gob.ec\/azuay\/#organization\",\"name\":\"GAD parroquial de El Cabo\",\"url\":\"https:\/\/gadelcabo.gob.ec\/azuay\/\",\"logo\":{\"@type\":\"ImageObject\",\"inLanguage\":\"es\",\"@id\":\"https:\/\/gadelcabo.gob.ec\/azuay\/#\/schema\/logo\/image\/\",\"url\":\"https:\/\/gadelcabo.gob.ec\/azuay\/wp-content\/uploads\/2020\/06\/logoFooter.png\",\"contentUrl\":\"https:\/\/gadelcabo.gob.ec\/azuay\/wp-content\/uploads\/2020\/06\/logoFooter.png\",\"width\":200,\"height\":150,\"caption\":\"GAD parroquial de El Cabo\"},\"image\":{\"@id\":\"https:\/\/gadelcabo.gob.ec\/azuay\/#\/schema\/logo\/image\/\"}},{\"@type\":\"Person\",\"@id\":\"https:\/\/gadelcabo.gob.ec\/azuay\/#\/schema\/person\/f87fe08c46440da7a2e61a506806818c\",\"name\":\"GAD PARROQUIAL DE EL CABO\",\"image\":{\"@type\":\"ImageObject\",\"inLanguage\":\"es\",\"@id\":\"https:\/\/gadelcabo.gob.ec\/azuay\/#\/schema\/person\/image\/\",\"url\":\"https:\/\/secure.gravatar.com\/avatar\/ca00927126a3887c700572377ef1b1b2?s=96&d=mm&r=g\",\"contentUrl\":\"https:\/\/secure.gravatar.com\/avatar\/ca00927126a3887c700572377ef1b1b2?s=96&d=mm&r=g\",\"caption\":\"GAD PARROQUIAL DE EL CABO\"},\"sameAs\":[\"http:\/\/WWW.GADELCABO.GOB.EC\",\"https:\/\/www.facebook.com\/gadparroquialelcabo\"],\"url\":\"https:\/\/gadelcabo.gob.ec\/azuay\/author\/gadelcabo\/\"}]}<\/script>\n<!-- \/ Yoast SEO plugin. -->","yoast_head_json":{"title":"\u00a1El Cabo sigue avanzando! Inicia el asfaltado hist\u00f3rico del centro parroquial - GAD parroquial El Cabo","robots":{"index":"index","follow":"follow","max-snippet":"max-snippet:-1","max-image-preview":"max-image-preview:large","max-video-preview":"max-video-preview:-1"},"canonical":"https:\/\/gadelcabo.gob.ec\/azuay\/el-cabo-sigue-avanzando-inicia-el-asfaltado-historico-del-centro-parroquial\/","og_locale":"es_ES","og_type":"article","og_title":"\u00a1El Cabo sigue avanzando! Inicia el asfaltado hist\u00f3rico del centro parroquial - GAD parroquial El Cabo","og_description":"Con la intervenci\u00f3n de m\u00e1s de 1 kil\u00f3metro de v\u00edas, alcantarillado y agua potable, el centro de El Cabo se transforma. Conoce los detalles de esta gran obra ejecutada en conjunto con la Municipalidad de Paute y la Directiva Pro Asfalto.","og_url":"https:\/\/gadelcabo.gob.ec\/azuay\/el-cabo-sigue-avanzando-inicia-el-asfaltado-historico-del-centro-parroquial\/","og_site_name":"GAD parroquial El Cabo","article_author":"https:\/\/www.facebook.com\/gadparroquialelcabo","article_published_time":"2026-09-03T17:11:44+00:00","og_image":[{"width":473,"height":546,"url":"https:\/\/gadelcabo.gob.ec\/azuay\/wp-content\/uploads\/2026\/09\/Asfalto-1.png","type":"image\/png"}],"author":"GAD PARROQUIAL DE EL CABO","twitter_card":"summary_large_image","twitter_misc":{"Escrito por":"GAD PARROQUIAL DE EL CABO","Tiempo de lectura":"2 minutos"},"schema":{"@context":"https:\/\/schema.org","@graph":[{"@type":"Article","@id":"https:\/\/gadelcabo.gob.ec\/azuay\/el-cabo-sigue-avanzando-inicia-el-asfaltado-historico-del-centro-parroquial\/#article","isPartOf":{"@id":"https:\/\/gadelcabo.gob.ec\/azuay\/el-cabo-sigue-avanzando-inicia-el-asfaltado-historico-del-centro-parroquial\/"},"author":{"name":"GAD PARROQUIAL DE EL CABO","@id":"https:\/\/gadelcabo.gob.ec\/azuay\/#\/schema\/person\/f87fe08c46440da7a2e61a506806818c"},"headline":"\u00a1El Cabo sigue avanzando! Inicia el asfaltado hist\u00f3rico del centro parroquial","datePublished":"2026-09-03T17:11:44+00:00","dateModified":"2026-09-03T17:11:44+00:00","mainEntityOfPage":{"@id":"https:\/\/gadelcabo.gob.ec\/azuay\/el-cabo-sigue-avanzando-inicia-el-asfaltado-historico-del-centro-parroquial\/"},"wordCount":278,"publisher":{"@id":"https:\/\/gadelcabo.gob.ec\/azuay\/#organization"},"image":{"@id":"https:\/\/gadelcabo.gob.ec\/azuay\/el-cabo-sigue-avanzando-inicia-el-asfaltado-historico-del-centro-parroquial\/#primaryimage"},"thumbnailUrl":"https:\/\/gadelcabo.gob.ec\/azuay\/wp-content\/uploads\/2026\/09\/Asfalto-1.png","inLanguage":"es"},{"@type":"WebPage","@id":"https:\/\/gadelcabo.gob.ec\/azuay\/el-cabo-sigue-avanzando-inicia-el-asfaltado-historico-del-centro-parroquial\/","url":"https:\/\/gadelcabo.gob.ec\/azuay\/el-cabo-sigue-avanzando-inicia-el-asfaltado-historico-del-centro-parroquial\/","name":"\u00a1El Cabo sigue avanzando! Inicia el asfaltado hist\u00f3rico del centro parroquial - GAD parroquial El Cabo","isPartOf":{"@id":"https:\/\/gadelcabo.gob.ec\/azuay\/#website"},"primaryImageOfPage":{"@id":"https:\/\/gadelcabo.gob.ec\/azuay\/el-cabo-sigue-avanzando-inicia-el-asfaltado-historico-del-centro-parroquial\/#primaryimage"},"image":{"@id":"https:\/\/gadelcabo.gob.ec\/azuay\/el-cabo-sigue-avanzando-inicia-el-asfaltado-historico-del-centro-parroquial\/#primaryimage"},"thumbnailUrl":"https:\/\/gadelcabo.gob.ec\/azuay\/wp-content\/uploads\/2026\/09\/Asfalto-1.png","datePublished":"2026-09-03T17:11:44+00:00","dateModified":"2026-09-03T17:11:44+00:00","breadcrumb":{"@id":"https:\/\/gadelcabo.gob.ec\/azuay\/el-cabo-sigue-avanzando-inicia-el-asfaltado-historico-del-centro-parroquial\/#breadcrumb"},"inLanguage":"es","potentialAction":[{"@type":"ReadAction","target":["https:\/\/gadelcabo.gob.ec\/azuay\/el-cabo-sigue-avanzando-inicia-el-asfaltado-historico-del-centro-parroquial\/"]}]},{"@type":"ImageObject","inLanguage":"es","@id":"https:\/\/gadelcabo.gob.ec\/azuay\/el-cabo-sigue-avanzando-inicia-el-asfaltado-historico-del-centro-parroquial\/#primaryimage","url":"https:\/\/gadelcabo.gob.ec\/azuay\/wp-content\/uploads\/2026\/09\/Asfalto-1.png","contentUrl":"https:\/\/gadelcabo.gob.ec\/azuay\/wp-content\/uploads\/2026\/09\/Asfalto-1.png","width":473,"height":546},{"@type":"BreadcrumbList","@id":"https:\/\/gadelcabo.gob.ec\/azuay\/el-cabo-sigue-avanzando-inicia-el-asfaltado-historico-del-centro-parroquial\/#breadcrumb","itemListElement":[{"@type":"ListItem","position":1,"name":"Portada","item":"https:\/\/gadelcabo.gob.ec\/azuay\/"},{"@type":"ListItem","position":2,"name":"\u00a1El Cabo sigue avanzando! Inicia el asfaltado hist\u00f3rico del centro parroquial"}]},{"@type":"WebSite","@id":"https:\/\/gadelcabo.gob.ec\/azuay\/#website","url":"https:\/\/gadelcabo.gob.ec\/azuay\/","name":"GAD parroquial El Cabo","description":"Sitio Oficial del GAD Parroquial El Cabo Azuay","publisher":{"@id":"https:\/\/gadelcabo.gob.ec\/azuay\/#organization"},"potentialAction":[{"@type":"SearchAction","target":{"@type":"EntryPoint","urlTemplate":"https:\/\/gadelcabo.gob.ec\/azuay\/?s={search_term_string}"},"query-input":{"@type":"PropertyValueSpecification","valueRequired":true,"valueName":"search_term_string"}}],"inLanguage":"es"},{"@type":"Organization","@id":"https:\/\/gadelcabo.gob.ec\/azuay\/#organization","name":"GAD parroquial de El Cabo","url":"https:\/\/gadelcabo.gob.ec\/azuay\/","logo":{"@type":"ImageObject","inLanguage":"es","@id":"https:\/\/gadelcabo.gob.ec\/azuay\/#\/schema\/logo\/image\/","url":"https:\/\/gadelcabo.gob.ec\/azuay\/wp-content\/uploads\/2020\/06\/logoFooter.png","contentUrl":"https:\/\/gadelcabo.gob.ec\/azuay\/wp-content\/uploads\/2020\/06\/logoFooter.png","width":200,"height":150,"caption":"GAD parroquial de El Cabo"},"image":{"@id":"https:\/\/gadelcabo.gob.ec\/azuay\/#\/schema\/logo\/image\/"}},{"@type":"Person","@id":"https:\/\/gadelcabo.gob.ec\/azuay\/#\/schema\/person\/f87fe08c46440da7a2e61a506806818c","name":"GAD PARROQUIAL DE EL CABO","image":{"@type":"ImageObject","inLanguage":"es","@id":"https:\/\/gadelcabo.gob.ec\/azuay\/#\/schema\/person\/image\/","url":"https:\/\/secure.gravatar.com\/avatar\/ca00927126a3887c700572377ef1b1b2?s=96&d=mm&r=g","contentUrl":"https:\/\/secure.gravatar.com\/avatar\/ca00927126a3887c700572377ef1b1b2?s=96&d=mm&r=g","caption":"GAD PARROQUIAL DE EL CABO"},"sameAs":["http:\/\/WWW.GADELCABO.GOB.EC","https:\/\/www.facebook.com\/gadparroquialelcabo"],"url":"https:\/\/gadelcabo.gob.ec\/azuay\/author\/gadelcabo\/"}]}},"_links":{"self":[{"href":"https:\/\/gadelcabo.gob.ec\/azuay\/wp-json\/wp\/v2\/posts\/2825","targetHints":{"allow":["GET"]}}],"collection":[{"href":"https:\/\/gadelcabo.gob.ec\/azuay\/wp-json\/wp\/v2\/posts"}],"about":[{"href":"https:\/\/gadelcabo.gob.ec\/azuay\/wp-json\/wp\/v2\/types\/post"}],"author":[{"embeddable":true,"href":"https:\/\/gadelcabo.gob.ec\/azuay\/wp-json\/wp\/v2\/users\/8"}],"replies":[{"embeddable":true,"href":"https:\/\/gadelcabo.gob.ec\/azuay\/wp-json\/wp\/v2\/comments?post=2825"}],"version-history":[{"count":8,"href":"https:\/\/gadelcabo.gob.ec\/azuay\/wp-json\/wp\/v2\/posts\/2825\/revisions"}],"predecessor-version":[{"id":2837,"href":"https:\/\/gadelcabo.gob.ec\/azuay\/wp-json\/wp\/v2\/posts\/2825\/revisions\/2837"}],"wp:featuredmedia":[{"embeddable":true,"href":"https:\/\/gadelcabo.gob.ec\/azuay\/wp-json\/wp\/v2\/media\/2966"}],"wp:attachment":[{"href":"https:\/\/gadelcabo.gob.ec\/azuay\/wp-json\/wp\/v2\/media?parent=2825"}],"wp:term":[{"taxonomy":"category","embeddable":true,"href":"https:\/\/gadelcabo.gob.ec\/azuay\/wp-json\/wp\/v2\/categories?post=2825"},{"taxonomy":"post_tag","embeddable":true,"href":"https:\/\/gadelcabo.gob.ec\/azuay\/wp-json\/wp\/v2\/tags?post=2825"}],"curies":[{"name":"wp","href":"https:\/\/api.w.org\/{rel}","templated":true}]}}