{"id":338,"date":"2011-10-13T15:18:59","date_gmt":"2011-10-13T19:18:59","guid":{"rendered":"http:\/\/gadelcabo.gob.ec\/azuay\/?p=338"},"modified":"2011-10-13T15:18:59","modified_gmt":"2011-10-13T19:18:59","slug":"simbolos-parroquiales","status":"publish","type":"post","link":"https:\/\/gadelcabo.gob.ec\/azuay\/simbolos-parroquiales\/","title":{"rendered":"S\u00edmbolos Parroquiales"},"content":{"rendered":"<div style=\"overflow: auto; height: 750px;\">\n<p style=\"text-align: center;\"> \t\t<u><em><b>BANDERA<\/b><\/em><\/u><\/p>\n<p style=\"text-align: center;\"> \t\t&nbsp;<\/p>\n<p style=\"text-align: center;\"> \t\t<img loading=\"lazy\" decoding=\"async\" class=\" size-full wp-image-337\" alt=\"\" src=\"http:\/\/gadelcabo.gob.ec\/azuay\/wp-content\/uploads\/2011\/10\/banelcabo bandera el cabo_119x88.jpg\" width=\"119\" height=\"88\" \/><\/p>\n<p> \t\t&nbsp;<\/p>\n<p style=\"text-align: center;\"> \t\t&nbsp;<\/p>\n<p style=\"margin-left: 5.1pt; text-align: left;\"> \t\tCOLORES: Amarillo, Verde y Ocre<\/p>\n<p style=\"text-align: left;\"> \t\t&nbsp;<\/p>\n<p style=\"margin-left: 5.1pt; text-align: left;\"> \t\tSIGNIFICADO:<\/p>\n<p style=\"text-align: left;\"> \t\t&nbsp;<\/p>\n<p style=\"margin-left: 5.1pt; text-align: left;\"> \t\tAMARILLO: Riqueza de su Suelo VERDE : Esperanza y sus Productos OCRE: Vitalidad de la Tierra<\/p>\n<p style=\"margin-left:5.1pt;\"> \t\t&nbsp;<\/p>\n<p style=\"text-align: center;\"> \t\t<strong><u><em>ESCUDO<\/em><\/u><\/strong><\/p>\n<p style=\"text-align: center;\"> \t\t&nbsp;<\/p>\n<p style=\"text-align: center;\"> \t\t<input alt=\"\" src=\"files\/ESCUDO_EL_CABO.jpg\" style=\"width: 164px; height: 141px;\" type=\"image\" \/><\/p>\n<p style=\"text-align: center;\"> \t\t&nbsp;<\/p>\n<p style=\"text-align: center;\"> \t\t&nbsp;<\/p>\n<div>\n<p style=\"margin-left:5.1pt;\"> \t\t\tSIGNIFICADO<\/p>\n<p> \t\t\t&nbsp;<\/p>\n<p style=\"margin-left: 5.1pt; text-align: left;\"> \t\t\tValle de las T\u00f3rtolas<\/p>\n<p style=\"margin-left: 5.1pt; text-align: left;\"> \t\t\tSOL: Vida y frutos<\/p>\n<p style=\"margin-left: 5.1pt; text-align: left;\"> \t\t\tValle de El Cabo y la uni\u00f3n con el Cant\u00f3n Gualaceo, Confluencia de los r\u00edos Santa Banbara y el Cuenca, Formando el Rio Paute.<\/p>\n<p style=\"text-align: left;\"> \t\t\t&nbsp;<\/p>\n<p style=\"margin-left: 5.05pt; text-align: left;\"> \t\t\tSu urbanizaci\u00f3n<\/p>\n<p style=\"text-align: left;\"> \t\t\t&nbsp;<\/p>\n<p style=\"margin-left: 5.05pt; text-align: left;\"> \t\t\tEn los costados: el Emblema Patrio y la bandera entrelazados. A los costados: Plantas de ma\u00edz y ca\u00f1a de az\u00facar.<\/p>\n<\/p><\/div>\n<p style=\"text-align: center;\"> \t\t&nbsp;<\/p>\n<p style=\"margin-left: 92.9pt;\"> \t\t<strong><em><u>H<\/u><\/em><\/strong><strong><em><u>I<\/u><\/em><\/strong><strong><em><u>MNO<\/u><\/em><\/strong><strong><em><u>A LAPARROQUIA\u201cEL CABO\u201d<\/u><\/em><\/strong><\/p>\n<p> \t\t&nbsp;<\/p>\n<p style=\"margin-left: 198.5pt;\"> \t\t<strong><em>C<\/em><\/strong><strong><em>ORO<\/em><\/strong><\/p>\n<p> \t\t&nbsp;<\/p>\n<p style=\"margin-left: 108.35pt;\"> \t\t<strong><em>C<\/em><\/strong><strong><em>o<\/em><\/strong><strong><em>n el alma vibrante de anhelos,<\/em><\/strong><\/p>\n<p style=\"margin-left: 108.35pt;\"> \t\t<strong><em>Exaltemos confe y civismo,<\/em><\/strong><\/p>\n<p style=\"margin-left: 91.8pt;\"> \t\t<strong><em>De estelar las bondades que exhibe, <\/em><\/strong><\/p>\n<p style=\"margin-left: 91.8pt;\"> \t\t<strong><em>Con sus bellos paisajes que hechizan.<\/em><\/strong><\/p>\n<p> \t\t&nbsp;<\/p>\n<p style=\"margin-left: 183.45pt;\"> \t\t<strong><em>E<\/em><\/strong><strong><em>STROFAS I<\/em><\/strong><\/p>\n<p style=\"margin-left: 101.75pt;\"> \t\t<strong><em>Bajo el sol que fecunda este suelo, <\/em><\/strong><\/p>\n<p style=\"margin-left: 101.75pt;\"> \t\t<strong><em>Las semillas producen milagros,<\/em><\/strong><\/p>\n<p style=\"margin-left: 92.05pt;\"> \t\t<strong><em>Que estimulan del hombre el trabajo,<\/em><\/strong><\/p>\n<p style=\"margin-left: 104.8pt;\"> \t\t<strong><em>Y acrecientan su amor al terru\u00f1o.<\/em><\/strong><\/p>\n<p style=\"margin-left: 211.2pt;\"> \t\t<strong><em>II<\/em><\/strong><\/p>\n<p style=\"margin-left: 107.65pt;\"> \t\t<strong><em>E<\/em><\/strong><strong><em>l car\u00e1cter templado enla lucha, <\/em><\/strong><\/p>\n<p style=\"margin-left: 107.65pt;\"> \t\t<strong><em>De la vida, con duros obst\u00e1culos, &nbsp;<\/em><\/strong><\/p>\n<p style=\"margin-left: 107.65pt;\"> \t\t<strong><em>El resorte ser\u00e1 de una estirpe,<\/em><\/strong><\/p>\n<p style=\"margin-left: 90.4pt;\"> \t\t<strong><em>Que d\u00e9 lustre a esta noble parroquia.<\/em><\/strong><\/p>\n<p> \t\t&nbsp;<\/p>\n<p style=\"margin-left: 207.85pt;\"> \t\t<strong><em>III<\/em><\/strong><\/p>\n<p style=\"margin-left: 100.8pt;\"> \t\t<strong><em>Si marchamos unidos la senda, <\/em><\/strong><\/p>\n<p style=\"margin-left: 100.8pt;\"> \t\t<strong><em>Que nos lleve a progreso creciente,<\/em><\/strong><\/p>\n<p style=\"margin-left: 97.7pt;\"> \t\t<strong><em>Digno ejemplo seremos de j\u00f3venes,<\/em><\/strong><\/p>\n<p style=\"margin-left: 89.05pt;\"> \t\t<strong><em>Que den brillo a la historia de El Cabo.<\/em><\/strong><\/p>\n<p> \t\t&nbsp;<\/p>\n<p style=\"margin-left: 7.1pt;\"> \t\tLetra:Lcdo.RogelioJucaNarv\u00e1ez<\/p>\n<p> \t\t&nbsp;<\/p>\n<p style=\"margin-left: 7.1pt;\"> \t\tM\u00fasica:Dr.MarceloMontalv\u00e1n<\/p>\n<p> \t\t&nbsp;<\/p>\n<p> \t\t&nbsp;<\/p>\n<\/p><\/div>\n","protected":false},"excerpt":{"rendered":"<p>BANDERA &nbsp; &nbsp; &nbsp; COLORES: Amarillo, Verde y Ocre &nbsp; SIGNIFICADO: &nbsp; AMARILLO: Riqueza de su Suelo VERDE : Esperanza y sus Productos OCRE: Vitalidad de la Tierra &nbsp; ESCUDO &nbsp; &nbsp; &nbsp; SIGNIFICADO &nbsp; Valle de las T\u00f3rtolas SOL: Vida y frutos Valle de El Cabo y la uni\u00f3n con el Cant\u00f3n Gualaceo, Confluencia [&hellip;]<\/p>\n","protected":false},"author":6,"featured_media":337,"comment_status":"closed","ping_status":"closed","sticky":false,"template":"","format":"standard","meta":{"footnotes":""},"categories":[1],"tags":[],"class_list":["post-338","post","type-post","status-publish","format-standard","has-post-thumbnail","hentry","category-sin-categoria"],"yoast_head":"<!-- This site is optimized with the Yoast SEO plugin v24.1 - https:\/\/yoast.com\/wordpress\/plugins\/seo\/ -->\n<title>S\u00edmbolos Parroquiales - GAD parroquial El Cabo<\/title>\n<meta name=\"robots\" content=\"index, follow, max-snippet:-1, max-image-preview:large, max-video-preview:-1\" \/>\n<link rel=\"canonical\" href=\"https:\/\/gadelcabo.gob.ec\/azuay\/simbolos-parroquiales\/\" \/>\n<meta property=\"og:locale\" content=\"es_ES\" \/>\n<meta property=\"og:type\" content=\"article\" \/>\n<meta property=\"og:title\" content=\"S\u00edmbolos Parroquiales - GAD parroquial El Cabo\" \/>\n<meta property=\"og:description\" content=\"BANDERA &nbsp; &nbsp; &nbsp; COLORES: Amarillo, Verde y Ocre &nbsp; SIGNIFICADO: &nbsp; AMARILLO: Riqueza de su Suelo VERDE : Esperanza y sus Productos OCRE: Vitalidad de la Tierra &nbsp; ESCUDO &nbsp; &nbsp; &nbsp; SIGNIFICADO &nbsp; Valle de las T\u00f3rtolas SOL: Vida y frutos Valle de El Cabo y la uni\u00f3n con el Cant\u00f3n Gualaceo, Confluencia [&hellip;]\" \/>\n<meta property=\"og:url\" content=\"https:\/\/gadelcabo.gob.ec\/azuay\/simbolos-parroquiales\/\" \/>\n<meta property=\"og:site_name\" content=\"GAD parroquial El Cabo\" \/>\n<meta property=\"article:published_time\" content=\"2011-10-13T19:18:59+00:00\" \/>\n<meta property=\"og:image\" content=\"https:\/\/gadelcabo.gob.ec\/azuay\/wp-content\/uploads\/2011\/10\/banelcabo%20bandera%20el%20cabo_119x88.jpg\" \/>\n\t<meta property=\"og:image:width\" content=\"119\" \/>\n\t<meta property=\"og:image:height\" content=\"88\" \/>\n\t<meta property=\"og:image:type\" content=\"image\/jpeg\" \/>\n<meta name=\"author\" content=\"agadelcabo\" \/>\n<meta name=\"twitter:card\" content=\"summary_large_image\" \/>\n<meta name=\"twitter:label1\" content=\"Escrito por\" \/>\n\t<meta name=\"twitter:data1\" content=\"agadelcabo\" \/>\n\t<meta name=\"twitter:label2\" content=\"Tiempo de lectura\" \/>\n\t<meta name=\"twitter:data2\" content=\"1 minuto\" \/>\n<script type=\"application\/ld+json\" class=\"yoast-schema-graph\">{\"@context\":\"https:\/\/schema.org\",\"@graph\":[{\"@type\":\"Article\",\"@id\":\"https:\/\/gadelcabo.gob.ec\/azuay\/simbolos-parroquiales\/#article\",\"isPartOf\":{\"@id\":\"https:\/\/gadelcabo.gob.ec\/azuay\/simbolos-parroquiales\/\"},\"author\":{\"name\":\"agadelcabo\",\"@id\":\"https:\/\/gadelcabo.gob.ec\/azuay\/#\/schema\/person\/d45cc741bb92fd16063d69d39ab3e7f0\"},\"headline\":\"S\u00edmbolos Parroquiales\",\"datePublished\":\"2011-10-13T19:18:59+00:00\",\"dateModified\":\"2011-10-13T19:18:59+00:00\",\"mainEntityOfPage\":{\"@id\":\"https:\/\/gadelcabo.gob.ec\/azuay\/simbolos-parroquiales\/\"},\"wordCount\":235,\"publisher\":{\"@id\":\"https:\/\/gadelcabo.gob.ec\/azuay\/#organization\"},\"image\":{\"@id\":\"https:\/\/gadelcabo.gob.ec\/azuay\/simbolos-parroquiales\/#primaryimage\"},\"thumbnailUrl\":\"https:\/\/gadelcabo.gob.ec\/azuay\/wp-content\/uploads\/2011\/10\/banelcabo bandera el cabo_119x88.jpg\",\"inLanguage\":\"es\"},{\"@type\":\"WebPage\",\"@id\":\"https:\/\/gadelcabo.gob.ec\/azuay\/simbolos-parroquiales\/\",\"url\":\"https:\/\/gadelcabo.gob.ec\/azuay\/simbolos-parroquiales\/\",\"name\":\"S\u00edmbolos Parroquiales - GAD parroquial El Cabo\",\"isPartOf\":{\"@id\":\"https:\/\/gadelcabo.gob.ec\/azuay\/#website\"},\"primaryImageOfPage\":{\"@id\":\"https:\/\/gadelcabo.gob.ec\/azuay\/simbolos-parroquiales\/#primaryimage\"},\"image\":{\"@id\":\"https:\/\/gadelcabo.gob.ec\/azuay\/simbolos-parroquiales\/#primaryimage\"},\"thumbnailUrl\":\"https:\/\/gadelcabo.gob.ec\/azuay\/wp-content\/uploads\/2011\/10\/banelcabo bandera el cabo_119x88.jpg\",\"datePublished\":\"2011-10-13T19:18:59+00:00\",\"dateModified\":\"2011-10-13T19:18:59+00:00\",\"breadcrumb\":{\"@id\":\"https:\/\/gadelcabo.gob.ec\/azuay\/simbolos-parroquiales\/#breadcrumb\"},\"inLanguage\":\"es\",\"potentialAction\":[{\"@type\":\"ReadAction\",\"target\":[\"https:\/\/gadelcabo.gob.ec\/azuay\/simbolos-parroquiales\/\"]}]},{\"@type\":\"ImageObject\",\"inLanguage\":\"es\",\"@id\":\"https:\/\/gadelcabo.gob.ec\/azuay\/simbolos-parroquiales\/#primaryimage\",\"url\":\"https:\/\/gadelcabo.gob.ec\/azuay\/wp-content\/uploads\/2011\/10\/banelcabo bandera el cabo_119x88.jpg\",\"contentUrl\":\"https:\/\/gadelcabo.gob.ec\/azuay\/wp-content\/uploads\/2011\/10\/banelcabo bandera el cabo_119x88.jpg\",\"width\":119,\"height\":88},{\"@type\":\"BreadcrumbList\",\"@id\":\"https:\/\/gadelcabo.gob.ec\/azuay\/simbolos-parroquiales\/#breadcrumb\",\"itemListElement\":[{\"@type\":\"ListItem\",\"position\":1,\"name\":\"Portada\",\"item\":\"https:\/\/gadelcabo.gob.ec\/azuay\/\"},{\"@type\":\"ListItem\",\"position\":2,\"name\":\"S\u00edmbolos Parroquiales\"}]},{\"@type\":\"WebSite\",\"@id\":\"https:\/\/gadelcabo.gob.ec\/azuay\/#website\",\"url\":\"https:\/\/gadelcabo.gob.ec\/azuay\/\",\"name\":\"GAD parroquial El Cabo\",\"description\":\"Sitio Oficial del GAD Parroquial El Cabo Azuay\",\"publisher\":{\"@id\":\"https:\/\/gadelcabo.gob.ec\/azuay\/#organization\"},\"potentialAction\":[{\"@type\":\"SearchAction\",\"target\":{\"@type\":\"EntryPoint\",\"urlTemplate\":\"https:\/\/gadelcabo.gob.ec\/azuay\/?s={search_term_string}\"},\"query-input\":{\"@type\":\"PropertyValueSpecification\",\"valueRequired\":true,\"valueName\":\"search_term_string\"}}],\"inLanguage\":\"es\"},{\"@type\":\"Organization\",\"@id\":\"https:\/\/gadelcabo.gob.ec\/azuay\/#organization\",\"name\":\"GAD parroquial de El Cabo\",\"url\":\"https:\/\/gadelcabo.gob.ec\/azuay\/\",\"logo\":{\"@type\":\"ImageObject\",\"inLanguage\":\"es\",\"@id\":\"https:\/\/gadelcabo.gob.ec\/azuay\/#\/schema\/logo\/image\/\",\"url\":\"https:\/\/gadelcabo.gob.ec\/azuay\/wp-content\/uploads\/2020\/06\/logoFooter.png\",\"contentUrl\":\"https:\/\/gadelcabo.gob.ec\/azuay\/wp-content\/uploads\/2020\/06\/logoFooter.png\",\"width\":200,\"height\":150,\"caption\":\"GAD parroquial de El Cabo\"},\"image\":{\"@id\":\"https:\/\/gadelcabo.gob.ec\/azuay\/#\/schema\/logo\/image\/\"}},{\"@type\":\"Person\",\"@id\":\"https:\/\/gadelcabo.gob.ec\/azuay\/#\/schema\/person\/d45cc741bb92fd16063d69d39ab3e7f0\",\"name\":\"agadelcabo\",\"image\":{\"@type\":\"ImageObject\",\"inLanguage\":\"es\",\"@id\":\"https:\/\/gadelcabo.gob.ec\/azuay\/#\/schema\/person\/image\/\",\"url\":\"https:\/\/secure.gravatar.com\/avatar\/4849cead80a540a505e4f16b1e4cbabb?s=96&d=mm&r=g\",\"contentUrl\":\"https:\/\/secure.gravatar.com\/avatar\/4849cead80a540a505e4f16b1e4cbabb?s=96&d=mm&r=g\",\"caption\":\"agadelcabo\"},\"url\":\"https:\/\/gadelcabo.gob.ec\/azuay\/author\/agadelcabo\/\"}]}<\/script>\n<!-- \/ Yoast SEO plugin. -->","yoast_head_json":{"title":"S\u00edmbolos Parroquiales - GAD parroquial El Cabo","robots":{"index":"index","follow":"follow","max-snippet":"max-snippet:-1","max-image-preview":"max-image-preview:large","max-video-preview":"max-video-preview:-1"},"canonical":"https:\/\/gadelcabo.gob.ec\/azuay\/simbolos-parroquiales\/","og_locale":"es_ES","og_type":"article","og_title":"S\u00edmbolos Parroquiales - GAD parroquial El Cabo","og_description":"BANDERA &nbsp; &nbsp; &nbsp; COLORES: Amarillo, Verde y Ocre &nbsp; SIGNIFICADO: &nbsp; AMARILLO: Riqueza de su Suelo VERDE : Esperanza y sus Productos OCRE: Vitalidad de la Tierra &nbsp; ESCUDO &nbsp; &nbsp; &nbsp; SIGNIFICADO &nbsp; Valle de las T\u00f3rtolas SOL: Vida y frutos Valle de El Cabo y la uni\u00f3n con el Cant\u00f3n Gualaceo, Confluencia [&hellip;]","og_url":"https:\/\/gadelcabo.gob.ec\/azuay\/simbolos-parroquiales\/","og_site_name":"GAD parroquial El Cabo","article_published_time":"2011-10-13T19:18:59+00:00","og_image":[{"width":119,"height":88,"url":"https:\/\/gadelcabo.gob.ec\/azuay\/wp-content\/uploads\/2011\/10\/banelcabo bandera el cabo_119x88.jpg","type":"image\/jpeg"}],"author":"agadelcabo","twitter_card":"summary_large_image","twitter_misc":{"Escrito por":"agadelcabo","Tiempo de lectura":"1 minuto"},"schema":{"@context":"https:\/\/schema.org","@graph":[{"@type":"Article","@id":"https:\/\/gadelcabo.gob.ec\/azuay\/simbolos-parroquiales\/#article","isPartOf":{"@id":"https:\/\/gadelcabo.gob.ec\/azuay\/simbolos-parroquiales\/"},"author":{"name":"agadelcabo","@id":"https:\/\/gadelcabo.gob.ec\/azuay\/#\/schema\/person\/d45cc741bb92fd16063d69d39ab3e7f0"},"headline":"S\u00edmbolos Parroquiales","datePublished":"2011-10-13T19:18:59+00:00","dateModified":"2011-10-13T19:18:59+00:00","mainEntityOfPage":{"@id":"https:\/\/gadelcabo.gob.ec\/azuay\/simbolos-parroquiales\/"},"wordCount":235,"publisher":{"@id":"https:\/\/gadelcabo.gob.ec\/azuay\/#organization"},"image":{"@id":"https:\/\/gadelcabo.gob.ec\/azuay\/simbolos-parroquiales\/#primaryimage"},"thumbnailUrl":"https:\/\/gadelcabo.gob.ec\/azuay\/wp-content\/uploads\/2011\/10\/banelcabo bandera el cabo_119x88.jpg","inLanguage":"es"},{"@type":"WebPage","@id":"https:\/\/gadelcabo.gob.ec\/azuay\/simbolos-parroquiales\/","url":"https:\/\/gadelcabo.gob.ec\/azuay\/simbolos-parroquiales\/","name":"S\u00edmbolos Parroquiales - GAD parroquial El Cabo","isPartOf":{"@id":"https:\/\/gadelcabo.gob.ec\/azuay\/#website"},"primaryImageOfPage":{"@id":"https:\/\/gadelcabo.gob.ec\/azuay\/simbolos-parroquiales\/#primaryimage"},"image":{"@id":"https:\/\/gadelcabo.gob.ec\/azuay\/simbolos-parroquiales\/#primaryimage"},"thumbnailUrl":"https:\/\/gadelcabo.gob.ec\/azuay\/wp-content\/uploads\/2011\/10\/banelcabo bandera el cabo_119x88.jpg","datePublished":"2011-10-13T19:18:59+00:00","dateModified":"2011-10-13T19:18:59+00:00","breadcrumb":{"@id":"https:\/\/gadelcabo.gob.ec\/azuay\/simbolos-parroquiales\/#breadcrumb"},"inLanguage":"es","potentialAction":[{"@type":"ReadAction","target":["https:\/\/gadelcabo.gob.ec\/azuay\/simbolos-parroquiales\/"]}]},{"@type":"ImageObject","inLanguage":"es","@id":"https:\/\/gadelcabo.gob.ec\/azuay\/simbolos-parroquiales\/#primaryimage","url":"https:\/\/gadelcabo.gob.ec\/azuay\/wp-content\/uploads\/2011\/10\/banelcabo bandera el cabo_119x88.jpg","contentUrl":"https:\/\/gadelcabo.gob.ec\/azuay\/wp-content\/uploads\/2011\/10\/banelcabo bandera el cabo_119x88.jpg","width":119,"height":88},{"@type":"BreadcrumbList","@id":"https:\/\/gadelcabo.gob.ec\/azuay\/simbolos-parroquiales\/#breadcrumb","itemListElement":[{"@type":"ListItem","position":1,"name":"Portada","item":"https:\/\/gadelcabo.gob.ec\/azuay\/"},{"@type":"ListItem","position":2,"name":"S\u00edmbolos Parroquiales"}]},{"@type":"WebSite","@id":"https:\/\/gadelcabo.gob.ec\/azuay\/#website","url":"https:\/\/gadelcabo.gob.ec\/azuay\/","name":"GAD parroquial El Cabo","description":"Sitio Oficial del GAD Parroquial El Cabo Azuay","publisher":{"@id":"https:\/\/gadelcabo.gob.ec\/azuay\/#organization"},"potentialAction":[{"@type":"SearchAction","target":{"@type":"EntryPoint","urlTemplate":"https:\/\/gadelcabo.gob.ec\/azuay\/?s={search_term_string}"},"query-input":{"@type":"PropertyValueSpecification","valueRequired":true,"valueName":"search_term_string"}}],"inLanguage":"es"},{"@type":"Organization","@id":"https:\/\/gadelcabo.gob.ec\/azuay\/#organization","name":"GAD parroquial de El Cabo","url":"https:\/\/gadelcabo.gob.ec\/azuay\/","logo":{"@type":"ImageObject","inLanguage":"es","@id":"https:\/\/gadelcabo.gob.ec\/azuay\/#\/schema\/logo\/image\/","url":"https:\/\/gadelcabo.gob.ec\/azuay\/wp-content\/uploads\/2020\/06\/logoFooter.png","contentUrl":"https:\/\/gadelcabo.gob.ec\/azuay\/wp-content\/uploads\/2020\/06\/logoFooter.png","width":200,"height":150,"caption":"GAD parroquial de El Cabo"},"image":{"@id":"https:\/\/gadelcabo.gob.ec\/azuay\/#\/schema\/logo\/image\/"}},{"@type":"Person","@id":"https:\/\/gadelcabo.gob.ec\/azuay\/#\/schema\/person\/d45cc741bb92fd16063d69d39ab3e7f0","name":"agadelcabo","image":{"@type":"ImageObject","inLanguage":"es","@id":"https:\/\/gadelcabo.gob.ec\/azuay\/#\/schema\/person\/image\/","url":"https:\/\/secure.gravatar.com\/avatar\/4849cead80a540a505e4f16b1e4cbabb?s=96&d=mm&r=g","contentUrl":"https:\/\/secure.gravatar.com\/avatar\/4849cead80a540a505e4f16b1e4cbabb?s=96&d=mm&r=g","caption":"agadelcabo"},"url":"https:\/\/gadelcabo.gob.ec\/azuay\/author\/agadelcabo\/"}]}},"_links":{"self":[{"href":"https:\/\/gadelcabo.gob.ec\/azuay\/wp-json\/wp\/v2\/posts\/338","targetHints":{"allow":["GET"]}}],"collection":[{"href":"https:\/\/gadelcabo.gob.ec\/azuay\/wp-json\/wp\/v2\/posts"}],"about":[{"href":"https:\/\/gadelcabo.gob.ec\/azuay\/wp-json\/wp\/v2\/types\/post"}],"author":[{"embeddable":true,"href":"https:\/\/gadelcabo.gob.ec\/azuay\/wp-json\/wp\/v2\/users\/6"}],"replies":[{"embeddable":true,"href":"https:\/\/gadelcabo.gob.ec\/azuay\/wp-json\/wp\/v2\/comments?post=338"}],"version-history":[{"count":0,"href":"https:\/\/gadelcabo.gob.ec\/azuay\/wp-json\/wp\/v2\/posts\/338\/revisions"}],"wp:featuredmedia":[{"embeddable":true,"href":"https:\/\/gadelcabo.gob.ec\/azuay\/wp-json\/wp\/v2\/media\/337"}],"wp:attachment":[{"href":"https:\/\/gadelcabo.gob.ec\/azuay\/wp-json\/wp\/v2\/media?parent=338"}],"wp:term":[{"taxonomy":"category","embeddable":true,"href":"https:\/\/gadelcabo.gob.ec\/azuay\/wp-json\/wp\/v2\/categories?post=338"},{"taxonomy":"post_tag","embeddable":true,"href":"https:\/\/gadelcabo.gob.ec\/azuay\/wp-json\/wp\/v2\/tags?post=338"}],"curies":[{"name":"wp","href":"https:\/\/api.w.org\/{rel}","templated":true}]}}