{"id":338,"date":"2011-10-13T15:18:59","date_gmt":"2011-10-13T19:18:59","guid":{"rendered":"http:\/\/gadelcabo.gob.ec\/azuay\/?p=338"},"modified":"2026-08-14T10:19:00","modified_gmt":"2026-08-14T14:19:00","slug":"simbolos-parroquiales","status":"publish","type":"post","link":"https:\/\/gadelcabo.gob.ec\/azuay\/simbolos-parroquiales\/","title":{"rendered":"S\u00edmbolos Parroquiales"},"content":{"rendered":"<h2 style=\"color: #15803d; border-bottom: 2px solid #15803d; padding-bottom: 8px; margin-bottom: 20px; font-size: 24px; text-align: center;\">BANDERA DE LA PARROQUIA<\/h2>\n<div style=\"text-align: center; margin-bottom: 40px;\">\n    <img decoding=\"async\" style=\"max-width: 180px; height: auto; border: 1px solid #ddd; padding: 4px; background: #fff; margin-bottom: 15px; border-radius: 4px;\" src=\"http:\/\/gadelcabo.gob.ec\/azuay\/wp-content\/uploads\/2011\/10\/banelcabo%20bandera%20el%20cabo_119x88.jpg\" alt=\"Bandera El Cabo\" \/><\/p>\n<p style=\"font-weight: bold; color: #ea841e; margin-bottom: 15px; text-transform: uppercase;\">Colores: Amarillo, Verde y Ocre<\/p>\n<div style=\"display: grid; grid-template-columns: repeat(auto-fit, minmax(200px, 1fr)); gap: 15px; text-align: left; margin-top: 15px;\">\n<div style=\"background: #fdfae5; padding: 12px; border-left: 4px solid #facc15; border-radius: 4px;\"><strong>AMARILLO:<\/strong> Riqueza de su suelo.<\/div>\n<div style=\"background: #f0fdf4; padding: 12px; border-left: 4px solid #15803d; border-radius: 4px;\"><strong>VERDE:<\/strong> Esperanza y sus productos.<\/div>\n<div style=\"background: #fdf4ed; padding: 12px; border-left: 4px solid #ea841e; border-radius: 4px;\"><strong>OCRE:<\/strong> Vitalidad de la tierra.<\/div><\/div>\n<\/div>\n<h2 style=\"color: #15803d; border-bottom: 2px solid #15803d; padding-bottom: 8px; margin-bottom: 20px; font-size: 24px; text-align: center;\">ESCUDO DE LA PARROQUIA<\/h2>\n<div style=\"text-align: center; margin-bottom: 40px;\">\n    <img decoding=\"async\" style=\"max-width: 140px; height: auto; margin-bottom: 15px;\" src=\"https:\/\/gadelcabo.gob.ec\/azuay\/wp-content\/uploads\/2026\/08\/Escudo.jpeg\" alt=\"Escudo El Cabo\" \/><\/p>\n<div style=\"text-align: left; background: #f3f4f6; padding: 20px; border-radius: 6px; margin-top: 10px;\">\n<h4 style=\"color: #15803d; margin-top: 0; margin-bottom: 15px;\">Significado de sus elementos:<\/h4>\n<div style=\"font-size: 14px; padding-left: 10px;\">\n<p style=\"margin-bottom: 8px;\">&bull; <strong>Valle de las T\u00f3rtolas:<\/strong> Identidad ancestral de la zona.<\/p>\n<p style=\"margin-bottom: 8px;\">&bull; <strong>Sol:<\/strong> Vida y frutos.<\/p>\n<p style=\"margin-bottom: 8px;\">&bull; <strong>Confluencia:<\/strong> Uni\u00f3n con el Cant\u00f3n Gualaceo, uni\u00f3n de los r\u00edos Santa B\u00e1rbara y Cuenca formando el R\u00edo Paute.<\/p>\n<p style=\"margin-bottom: 8px;\">&bull; <strong>Urbanizaci\u00f3n:<\/strong> Representa el desarrollo de su pueblo.<\/p>\n<p style=\"margin-bottom: 0;\">&bull; <strong>Ornamentos exteriores:<\/strong> Emblema patrio, bandera entrelazada, plantas de ma\u00edz y ca\u00f1a de az\u00facar a los costados.<\/p>\n<\/p><\/div><\/div>\n<\/div>\n<h2 style=\"color: #15803d; border-bottom: 2px solid #15803d; padding-bottom: 8px; margin-bottom: 20px; font-size: 24px; text-align: center;\">HIMNO A LA PARROQUIA &#8220;EL CABO&#8221;<\/h2>\n<div style=\"text-align: center; margin-bottom: 40px;\">\n    <!-- CORO --><\/p>\n<p style=\"color: #ea841e; font-weight: bold; margin-bottom: 5px; text-transform: uppercase; font-size: 15px;\">Coro<\/p>\n<p style=\"font-style: italic; margin-bottom: 20px; color: #333;\">\n        Con el alma vibrante de anhelos,<br \/>\n        Exaltemos con fe y civismo,<br \/>\n        De estelar las bondades que exhibe,<br \/>\n        Con sus bellos paisajes que hechizan.\n    <\/p>\n<p style=\"color: #ea841e; font-weight: bold; margin-bottom: 15px; margin-top: 35px; text-transform: uppercase; font-size: 15px;\">Estrofas<\/p>\n<p style=\"color: #15803d; font-weight: bold; margin-bottom: 5px; text-transform: uppercase; font-size: 15px;\">I<\/p>\n<p style=\"font-style: italic; margin-bottom: 20px; color: #333;\">\n        Bajo el sol que fecunda este suelo,<br \/>\n        Las semillas producen milagros,<br \/>\n        Que estimulan del hombre el trabajo,<br \/>\n        Y acrecientan su amor al terru\u00f1o.\n    <\/p>\n<p style=\"color: #15803d; font-weight: bold; margin-bottom: 5px; text-transform: uppercase; font-size: 15px;\">II<\/p>\n<p style=\"font-style: italic; margin-bottom: 20px; color: #333;\">\n        El car\u00e1cter templado en la lucha,<br \/>\n        De la vida, con duros obst\u00e1culos,<br \/>\n        El resorte ser\u00e1 de una estirpe,<br \/>\n        Que d\u00e9 lustre a esta noble parroquia.\n    <\/p>\n<p style=\"color: #15803d; font-weight: bold; margin-bottom: 5px; text-transform: uppercase; font-size: 15px;\">III<\/p>\n<p style=\"font-style: italic; margin-bottom: 20px; color: #333;\">\n        Si marchamos unidos la senda,<br \/>\n        Que nos lleve a progreso creciente,<br \/>\n        Digno ejemplo seremos de j\u00f3venes,<br \/>\n        Que den brillo a la historia de El Cabo.\n    <\/p>\n<div style=\"margin-top: 25px; font-size: 13px; color: #666; border-top: 1px dashed #ddd; padding-top: 15px;\">\n<p style=\"margin: 2px 0;\"><strong>Letra:<\/strong> Lcdo. Rogelio Juca Narv\u00e1ez<\/p>\n<p style=\"margin: 2px 0;\"><strong>M\u00fasica:<\/strong> Dr. Marcelo Montalv\u00e1n<\/p>\n<\/p><\/div>\n<\/div>\n","protected":false},"excerpt":{"rendered":"<p>BANDERA DE LA PARROQUIA Colores: Amarillo, Verde y Ocre AMARILLO: Riqueza de su suelo. VERDE: Esperanza y sus productos. OCRE: Vitalidad de la tierra. ESCUDO DE LA PARROQUIA Significado de sus elementos: &bull; Valle de las T\u00f3rtolas: Identidad ancestral de la zona. &bull; Sol: Vida y frutos. &bull; Confluencia: Uni\u00f3n con el Cant\u00f3n Gualaceo, uni\u00f3n [&hellip;]<\/p>\n","protected":false},"author":6,"featured_media":337,"comment_status":"closed","ping_status":"closed","sticky":false,"template":"","format":"standard","meta":{"footnotes":""},"categories":[1],"tags":[],"class_list":["post-338","post","type-post","status-publish","format-standard","has-post-thumbnail","hentry","category-sin-categoria"],"yoast_head":"<!-- This site is optimized with the Yoast SEO plugin v24.1 - https:\/\/yoast.com\/wordpress\/plugins\/seo\/ -->\n<title>S\u00edmbolos Parroquiales - GAD parroquial El Cabo<\/title>\n<meta name=\"robots\" content=\"index, follow, max-snippet:-1, max-image-preview:large, max-video-preview:-1\" \/>\n<link rel=\"canonical\" href=\"https:\/\/gadelcabo.gob.ec\/azuay\/simbolos-parroquiales\/\" \/>\n<meta property=\"og:locale\" content=\"es_ES\" \/>\n<meta property=\"og:type\" content=\"article\" \/>\n<meta property=\"og:title\" content=\"S\u00edmbolos Parroquiales - GAD parroquial El Cabo\" \/>\n<meta property=\"og:description\" content=\"BANDERA DE LA PARROQUIA Colores: Amarillo, Verde y Ocre AMARILLO: Riqueza de su suelo. VERDE: Esperanza y sus productos. OCRE: Vitalidad de la tierra. ESCUDO DE LA PARROQUIA Significado de sus elementos: &bull; Valle de las T\u00f3rtolas: Identidad ancestral de la zona. &bull; Sol: Vida y frutos. &bull; Confluencia: Uni\u00f3n con el Cant\u00f3n Gualaceo, uni\u00f3n [&hellip;]\" \/>\n<meta property=\"og:url\" content=\"https:\/\/gadelcabo.gob.ec\/azuay\/simbolos-parroquiales\/\" \/>\n<meta property=\"og:site_name\" content=\"GAD parroquial El Cabo\" \/>\n<meta property=\"article:published_time\" content=\"2011-10-13T19:18:59+00:00\" \/>\n<meta property=\"article:modified_time\" content=\"2026-08-14T14:19:00+00:00\" \/>\n<meta property=\"og:image\" content=\"https:\/\/gadelcabo.gob.ec\/azuay\/wp-content\/uploads\/2011\/10\/banelcabo%20bandera%20el%20cabo_119x88.jpg\" \/>\n\t<meta property=\"og:image:width\" content=\"119\" \/>\n\t<meta property=\"og:image:height\" content=\"88\" \/>\n\t<meta property=\"og:image:type\" content=\"image\/jpeg\" \/>\n<meta name=\"author\" content=\"agadelcabo\" \/>\n<meta name=\"twitter:card\" content=\"summary_large_image\" \/>\n<meta name=\"twitter:label1\" content=\"Escrito por\" \/>\n\t<meta name=\"twitter:data1\" content=\"agadelcabo\" \/>\n\t<meta name=\"twitter:label2\" content=\"Tiempo de lectura\" \/>\n\t<meta name=\"twitter:data2\" content=\"2 minutos\" \/>\n<script type=\"application\/ld+json\" class=\"yoast-schema-graph\">{\"@context\":\"https:\/\/schema.org\",\"@graph\":[{\"@type\":\"Article\",\"@id\":\"https:\/\/gadelcabo.gob.ec\/azuay\/simbolos-parroquiales\/#article\",\"isPartOf\":{\"@id\":\"https:\/\/gadelcabo.gob.ec\/azuay\/simbolos-parroquiales\/\"},\"author\":{\"name\":\"agadelcabo\",\"@id\":\"https:\/\/gadelcabo.gob.ec\/azuay\/#\/schema\/person\/d45cc741bb92fd16063d69d39ab3e7f0\"},\"headline\":\"S\u00edmbolos Parroquiales\",\"datePublished\":\"2011-10-13T19:18:59+00:00\",\"dateModified\":\"2026-08-14T14:19:00+00:00\",\"mainEntityOfPage\":{\"@id\":\"https:\/\/gadelcabo.gob.ec\/azuay\/simbolos-parroquiales\/\"},\"wordCount\":228,\"publisher\":{\"@id\":\"https:\/\/gadelcabo.gob.ec\/azuay\/#organization\"},\"image\":{\"@id\":\"https:\/\/gadelcabo.gob.ec\/azuay\/simbolos-parroquiales\/#primaryimage\"},\"thumbnailUrl\":\"https:\/\/gadelcabo.gob.ec\/azuay\/wp-content\/uploads\/2011\/10\/banelcabo bandera el cabo_119x88.jpg\",\"inLanguage\":\"es\"},{\"@type\":\"WebPage\",\"@id\":\"https:\/\/gadelcabo.gob.ec\/azuay\/simbolos-parroquiales\/\",\"url\":\"https:\/\/gadelcabo.gob.ec\/azuay\/simbolos-parroquiales\/\",\"name\":\"S\u00edmbolos Parroquiales - GAD parroquial El Cabo\",\"isPartOf\":{\"@id\":\"https:\/\/gadelcabo.gob.ec\/azuay\/#website\"},\"primaryImageOfPage\":{\"@id\":\"https:\/\/gadelcabo.gob.ec\/azuay\/simbolos-parroquiales\/#primaryimage\"},\"image\":{\"@id\":\"https:\/\/gadelcabo.gob.ec\/azuay\/simbolos-parroquiales\/#primaryimage\"},\"thumbnailUrl\":\"https:\/\/gadelcabo.gob.ec\/azuay\/wp-content\/uploads\/2011\/10\/banelcabo bandera el cabo_119x88.jpg\",\"datePublished\":\"2011-10-13T19:18:59+00:00\",\"dateModified\":\"2026-08-14T14:19:00+00:00\",\"breadcrumb\":{\"@id\":\"https:\/\/gadelcabo.gob.ec\/azuay\/simbolos-parroquiales\/#breadcrumb\"},\"inLanguage\":\"es\",\"potentialAction\":[{\"@type\":\"ReadAction\",\"target\":[\"https:\/\/gadelcabo.gob.ec\/azuay\/simbolos-parroquiales\/\"]}]},{\"@type\":\"ImageObject\",\"inLanguage\":\"es\",\"@id\":\"https:\/\/gadelcabo.gob.ec\/azuay\/simbolos-parroquiales\/#primaryimage\",\"url\":\"https:\/\/gadelcabo.gob.ec\/azuay\/wp-content\/uploads\/2011\/10\/banelcabo bandera el cabo_119x88.jpg\",\"contentUrl\":\"https:\/\/gadelcabo.gob.ec\/azuay\/wp-content\/uploads\/2011\/10\/banelcabo bandera el cabo_119x88.jpg\",\"width\":119,\"height\":88},{\"@type\":\"BreadcrumbList\",\"@id\":\"https:\/\/gadelcabo.gob.ec\/azuay\/simbolos-parroquiales\/#breadcrumb\",\"itemListElement\":[{\"@type\":\"ListItem\",\"position\":1,\"name\":\"Portada\",\"item\":\"https:\/\/gadelcabo.gob.ec\/azuay\/\"},{\"@type\":\"ListItem\",\"position\":2,\"name\":\"S\u00edmbolos Parroquiales\"}]},{\"@type\":\"WebSite\",\"@id\":\"https:\/\/gadelcabo.gob.ec\/azuay\/#website\",\"url\":\"https:\/\/gadelcabo.gob.ec\/azuay\/\",\"name\":\"GAD parroquial El Cabo\",\"description\":\"Sitio Oficial del GAD Parroquial El Cabo Azuay\",\"publisher\":{\"@id\":\"https:\/\/gadelcabo.gob.ec\/azuay\/#organization\"},\"potentialAction\":[{\"@type\":\"SearchAction\",\"target\":{\"@type\":\"EntryPoint\",\"urlTemplate\":\"https:\/\/gadelcabo.gob.ec\/azuay\/?s={search_term_string}\"},\"query-input\":{\"@type\":\"PropertyValueSpecification\",\"valueRequired\":true,\"valueName\":\"search_term_string\"}}],\"inLanguage\":\"es\"},{\"@type\":\"Organization\",\"@id\":\"https:\/\/gadelcabo.gob.ec\/azuay\/#organization\",\"name\":\"GAD parroquial de El Cabo\",\"url\":\"https:\/\/gadelcabo.gob.ec\/azuay\/\",\"logo\":{\"@type\":\"ImageObject\",\"inLanguage\":\"es\",\"@id\":\"https:\/\/gadelcabo.gob.ec\/azuay\/#\/schema\/logo\/image\/\",\"url\":\"https:\/\/gadelcabo.gob.ec\/azuay\/wp-content\/uploads\/2020\/06\/logoFooter.png\",\"contentUrl\":\"https:\/\/gadelcabo.gob.ec\/azuay\/wp-content\/uploads\/2020\/06\/logoFooter.png\",\"width\":200,\"height\":150,\"caption\":\"GAD parroquial de El Cabo\"},\"image\":{\"@id\":\"https:\/\/gadelcabo.gob.ec\/azuay\/#\/schema\/logo\/image\/\"}},{\"@type\":\"Person\",\"@id\":\"https:\/\/gadelcabo.gob.ec\/azuay\/#\/schema\/person\/d45cc741bb92fd16063d69d39ab3e7f0\",\"name\":\"agadelcabo\",\"image\":{\"@type\":\"ImageObject\",\"inLanguage\":\"es\",\"@id\":\"https:\/\/gadelcabo.gob.ec\/azuay\/#\/schema\/person\/image\/\",\"url\":\"https:\/\/secure.gravatar.com\/avatar\/4849cead80a540a505e4f16b1e4cbabb?s=96&d=mm&r=g\",\"contentUrl\":\"https:\/\/secure.gravatar.com\/avatar\/4849cead80a540a505e4f16b1e4cbabb?s=96&d=mm&r=g\",\"caption\":\"agadelcabo\"},\"url\":\"https:\/\/gadelcabo.gob.ec\/azuay\/author\/agadelcabo\/\"}]}<\/script>\n<!-- \/ Yoast SEO plugin. -->","yoast_head_json":{"title":"S\u00edmbolos Parroquiales - GAD parroquial El Cabo","robots":{"index":"index","follow":"follow","max-snippet":"max-snippet:-1","max-image-preview":"max-image-preview:large","max-video-preview":"max-video-preview:-1"},"canonical":"https:\/\/gadelcabo.gob.ec\/azuay\/simbolos-parroquiales\/","og_locale":"es_ES","og_type":"article","og_title":"S\u00edmbolos Parroquiales - GAD parroquial El Cabo","og_description":"BANDERA DE LA PARROQUIA Colores: Amarillo, Verde y Ocre AMARILLO: Riqueza de su suelo. VERDE: Esperanza y sus productos. OCRE: Vitalidad de la tierra. ESCUDO DE LA PARROQUIA Significado de sus elementos: &bull; Valle de las T\u00f3rtolas: Identidad ancestral de la zona. &bull; Sol: Vida y frutos. &bull; Confluencia: Uni\u00f3n con el Cant\u00f3n Gualaceo, uni\u00f3n [&hellip;]","og_url":"https:\/\/gadelcabo.gob.ec\/azuay\/simbolos-parroquiales\/","og_site_name":"GAD parroquial El Cabo","article_published_time":"2011-10-13T19:18:59+00:00","article_modified_time":"2026-08-14T14:19:00+00:00","og_image":[{"width":119,"height":88,"url":"https:\/\/gadelcabo.gob.ec\/azuay\/wp-content\/uploads\/2011\/10\/banelcabo bandera el cabo_119x88.jpg","type":"image\/jpeg"}],"author":"agadelcabo","twitter_card":"summary_large_image","twitter_misc":{"Escrito por":"agadelcabo","Tiempo de lectura":"2 minutos"},"schema":{"@context":"https:\/\/schema.org","@graph":[{"@type":"Article","@id":"https:\/\/gadelcabo.gob.ec\/azuay\/simbolos-parroquiales\/#article","isPartOf":{"@id":"https:\/\/gadelcabo.gob.ec\/azuay\/simbolos-parroquiales\/"},"author":{"name":"agadelcabo","@id":"https:\/\/gadelcabo.gob.ec\/azuay\/#\/schema\/person\/d45cc741bb92fd16063d69d39ab3e7f0"},"headline":"S\u00edmbolos Parroquiales","datePublished":"2011-10-13T19:18:59+00:00","dateModified":"2026-08-14T14:19:00+00:00","mainEntityOfPage":{"@id":"https:\/\/gadelcabo.gob.ec\/azuay\/simbolos-parroquiales\/"},"wordCount":228,"publisher":{"@id":"https:\/\/gadelcabo.gob.ec\/azuay\/#organization"},"image":{"@id":"https:\/\/gadelcabo.gob.ec\/azuay\/simbolos-parroquiales\/#primaryimage"},"thumbnailUrl":"https:\/\/gadelcabo.gob.ec\/azuay\/wp-content\/uploads\/2011\/10\/banelcabo bandera el cabo_119x88.jpg","inLanguage":"es"},{"@type":"WebPage","@id":"https:\/\/gadelcabo.gob.ec\/azuay\/simbolos-parroquiales\/","url":"https:\/\/gadelcabo.gob.ec\/azuay\/simbolos-parroquiales\/","name":"S\u00edmbolos Parroquiales - GAD parroquial El Cabo","isPartOf":{"@id":"https:\/\/gadelcabo.gob.ec\/azuay\/#website"},"primaryImageOfPage":{"@id":"https:\/\/gadelcabo.gob.ec\/azuay\/simbolos-parroquiales\/#primaryimage"},"image":{"@id":"https:\/\/gadelcabo.gob.ec\/azuay\/simbolos-parroquiales\/#primaryimage"},"thumbnailUrl":"https:\/\/gadelcabo.gob.ec\/azuay\/wp-content\/uploads\/2011\/10\/banelcabo bandera el cabo_119x88.jpg","datePublished":"2011-10-13T19:18:59+00:00","dateModified":"2026-08-14T14:19:00+00:00","breadcrumb":{"@id":"https:\/\/gadelcabo.gob.ec\/azuay\/simbolos-parroquiales\/#breadcrumb"},"inLanguage":"es","potentialAction":[{"@type":"ReadAction","target":["https:\/\/gadelcabo.gob.ec\/azuay\/simbolos-parroquiales\/"]}]},{"@type":"ImageObject","inLanguage":"es","@id":"https:\/\/gadelcabo.gob.ec\/azuay\/simbolos-parroquiales\/#primaryimage","url":"https:\/\/gadelcabo.gob.ec\/azuay\/wp-content\/uploads\/2011\/10\/banelcabo bandera el cabo_119x88.jpg","contentUrl":"https:\/\/gadelcabo.gob.ec\/azuay\/wp-content\/uploads\/2011\/10\/banelcabo bandera el cabo_119x88.jpg","width":119,"height":88},{"@type":"BreadcrumbList","@id":"https:\/\/gadelcabo.gob.ec\/azuay\/simbolos-parroquiales\/#breadcrumb","itemListElement":[{"@type":"ListItem","position":1,"name":"Portada","item":"https:\/\/gadelcabo.gob.ec\/azuay\/"},{"@type":"ListItem","position":2,"name":"S\u00edmbolos Parroquiales"}]},{"@type":"WebSite","@id":"https:\/\/gadelcabo.gob.ec\/azuay\/#website","url":"https:\/\/gadelcabo.gob.ec\/azuay\/","name":"GAD parroquial El Cabo","description":"Sitio Oficial del GAD Parroquial El Cabo Azuay","publisher":{"@id":"https:\/\/gadelcabo.gob.ec\/azuay\/#organization"},"potentialAction":[{"@type":"SearchAction","target":{"@type":"EntryPoint","urlTemplate":"https:\/\/gadelcabo.gob.ec\/azuay\/?s={search_term_string}"},"query-input":{"@type":"PropertyValueSpecification","valueRequired":true,"valueName":"search_term_string"}}],"inLanguage":"es"},{"@type":"Organization","@id":"https:\/\/gadelcabo.gob.ec\/azuay\/#organization","name":"GAD parroquial de El Cabo","url":"https:\/\/gadelcabo.gob.ec\/azuay\/","logo":{"@type":"ImageObject","inLanguage":"es","@id":"https:\/\/gadelcabo.gob.ec\/azuay\/#\/schema\/logo\/image\/","url":"https:\/\/gadelcabo.gob.ec\/azuay\/wp-content\/uploads\/2020\/06\/logoFooter.png","contentUrl":"https:\/\/gadelcabo.gob.ec\/azuay\/wp-content\/uploads\/2020\/06\/logoFooter.png","width":200,"height":150,"caption":"GAD parroquial de El Cabo"},"image":{"@id":"https:\/\/gadelcabo.gob.ec\/azuay\/#\/schema\/logo\/image\/"}},{"@type":"Person","@id":"https:\/\/gadelcabo.gob.ec\/azuay\/#\/schema\/person\/d45cc741bb92fd16063d69d39ab3e7f0","name":"agadelcabo","image":{"@type":"ImageObject","inLanguage":"es","@id":"https:\/\/gadelcabo.gob.ec\/azuay\/#\/schema\/person\/image\/","url":"https:\/\/secure.gravatar.com\/avatar\/4849cead80a540a505e4f16b1e4cbabb?s=96&d=mm&r=g","contentUrl":"https:\/\/secure.gravatar.com\/avatar\/4849cead80a540a505e4f16b1e4cbabb?s=96&d=mm&r=g","caption":"agadelcabo"},"url":"https:\/\/gadelcabo.gob.ec\/azuay\/author\/agadelcabo\/"}]}},"_links":{"self":[{"href":"https:\/\/gadelcabo.gob.ec\/azuay\/wp-json\/wp\/v2\/posts\/338","targetHints":{"allow":["GET"]}}],"collection":[{"href":"https:\/\/gadelcabo.gob.ec\/azuay\/wp-json\/wp\/v2\/posts"}],"about":[{"href":"https:\/\/gadelcabo.gob.ec\/azuay\/wp-json\/wp\/v2\/types\/post"}],"author":[{"embeddable":true,"href":"https:\/\/gadelcabo.gob.ec\/azuay\/wp-json\/wp\/v2\/users\/6"}],"replies":[{"embeddable":true,"href":"https:\/\/gadelcabo.gob.ec\/azuay\/wp-json\/wp\/v2\/comments?post=338"}],"version-history":[{"count":2,"href":"https:\/\/gadelcabo.gob.ec\/azuay\/wp-json\/wp\/v2\/posts\/338\/revisions"}],"predecessor-version":[{"id":2674,"href":"https:\/\/gadelcabo.gob.ec\/azuay\/wp-json\/wp\/v2\/posts\/338\/revisions\/2674"}],"wp:featuredmedia":[{"embeddable":true,"href":"https:\/\/gadelcabo.gob.ec\/azuay\/wp-json\/wp\/v2\/media\/337"}],"wp:attachment":[{"href":"https:\/\/gadelcabo.gob.ec\/azuay\/wp-json\/wp\/v2\/media?parent=338"}],"wp:term":[{"taxonomy":"category","embeddable":true,"href":"https:\/\/gadelcabo.gob.ec\/azuay\/wp-json\/wp\/v2\/categories?post=338"},{"taxonomy":"post_tag","embeddable":true,"href":"https:\/\/gadelcabo.gob.ec\/azuay\/wp-json\/wp\/v2\/tags?post=338"}],"curies":[{"name":"wp","href":"https:\/\/api.w.org\/{rel}","templated":true}]}}